{"id":1750,"date":"2025-02-13T19:57:43","date_gmt":"2025-02-13T22:57:43","guid":{"rendered":"https:\/\/copaagazetinha.com.br\/tabelas\/?p=1750"},"modified":"2025-02-13T19:57:43","modified_gmt":"2025-02-13T22:57:43","slug":"dorival-exalta-estevao-em-convocacao-da-selecao-sempre-apostei-em-jovens","status":"publish","type":"post","link":"https:\/\/copaagazetinha.com.br\/tabelas\/dorival-exalta-estevao-em-convocacao-da-selecao-sempre-apostei-em-jovens\/","title":{"rendered":"Dorival exalta Est\u00eav\u00e3o em convoca\u00e7\u00e3o da Sele\u00e7\u00e3o: \u201cSempre apostei em jovens\u201c"},"content":{"rendered":"<p>Em novembro de 2023, o atacante Est\u00eav\u00e3o defendia a\u00a0<span class=\"LinkEnhancement\">Sele\u00e7\u00e3o Brasileira<\/span>\u00a0Sub-17 na\u00a0<span class=\"LinkEnhancement\">Copa do Mundo<\/span>\u00a0da categoria, na Indon\u00e9sia. Nove meses depois, a revela\u00e7\u00e3o do\u00a0<span class=\"LinkEnhancement\">Palmeiras,\u00a0<\/span>est\u00e1 na equipe principal do Brasil.<\/p>\n<div>\n<p>O atacante de 17 anos foi convocado nesta sexta-feira (23) para os jogos de setembro da Sele\u00e7\u00e3o pelas Eliminat\u00f3rias da Copa do Mundo de 2026. Foram chamados 23 atletas, entre eles Endrick, de 18 anos, ex-companheiro de Est\u00eav\u00e3o no Palmeiras e que agora joga no Real Madrid-ESP.<\/p>\n<p>\u201cDe modo geral, ao longo da minha carreira, desde o Figueirense, sempre apostei em jovens. Eu gosto muito dessa mescla, entre jogadores mais novos e outros mais experientes. Ele (Est\u00eav\u00e3o) teria que ter esse primeiro momento, poderia ser com 15, 16 anos, ou com 20. Ele vem apresentando muitas coisas boas\u201d, disse Dorival.<\/p>\n<\/div>\n","protected":false},"excerpt":{"rendered":"<p>Em novembro de 2023, o atacante Est\u00eav\u00e3o defendia a\u00a0Sele\u00e7\u00e3o Brasileira\u00a0Sub-17 na\u00a0Copa do Mundo\u00a0da categoria, na Indon\u00e9sia. Nove meses depois, a revela\u00e7\u00e3o do\u00a0Palmeiras,\u00a0est\u00e1 na equipe principal do Brasil. O atacante de 17 anos foi convocado nesta sexta-feira (23) para os jogos de setembro da Sele\u00e7\u00e3o pelas Eliminat\u00f3rias da Copa do Mundo de 2026. Foram chamados 23 [&hellip;]<\/p>\n","protected":false},"author":1,"featured_media":1751,"comment_status":"open","ping_status":"open","sticky":false,"template":"","format":"standard","meta":{"footnotes":""},"categories":[78],"tags":[],"post_folder":[],"class_list":["post-1750","post","type-post","status-publish","format-standard","has-post-thumbnail","hentry","category-teste"],"_links":{"self":[{"href":"https:\/\/copaagazetinha.com.br\/tabelas\/wp-json\/wp\/v2\/posts\/1750","targetHints":{"allow":["GET"]}}],"collection":[{"href":"https:\/\/copaagazetinha.com.br\/tabelas\/wp-json\/wp\/v2\/posts"}],"about":[{"href":"https:\/\/copaagazetinha.com.br\/tabelas\/wp-json\/wp\/v2\/types\/post"}],"author":[{"embeddable":true,"href":"https:\/\/copaagazetinha.com.br\/tabelas\/wp-json\/wp\/v2\/users\/1"}],"replies":[{"embeddable":true,"href":"https:\/\/copaagazetinha.com.br\/tabelas\/wp-json\/wp\/v2\/comments?post=1750"}],"version-history":[{"count":1,"href":"https:\/\/copaagazetinha.com.br\/tabelas\/wp-json\/wp\/v2\/posts\/1750\/revisions"}],"predecessor-version":[{"id":1752,"href":"https:\/\/copaagazetinha.com.br\/tabelas\/wp-json\/wp\/v2\/posts\/1750\/revisions\/1752"}],"wp:featuredmedia":[{"embeddable":true,"href":"https:\/\/copaagazetinha.com.br\/tabelas\/wp-json\/wp\/v2\/media\/1751"}],"wp:attachment":[{"href":"https:\/\/copaagazetinha.com.br\/tabelas\/wp-json\/wp\/v2\/media?parent=1750"}],"wp:term":[{"taxonomy":"category","embeddable":true,"href":"https:\/\/copaagazetinha.com.br\/tabelas\/wp-json\/wp\/v2\/categories?post=1750"},{"taxonomy":"post_tag","embeddable":true,"href":"https:\/\/copaagazetinha.com.br\/tabelas\/wp-json\/wp\/v2\/tags?post=1750"},{"taxonomy":"post_folder","embeddable":true,"href":"https:\/\/copaagazetinha.com.br\/tabelas\/wp-json\/wp\/v2\/post_folder?post=1750"}],"curies":[{"name":"wp","href":"https:\/\/api.w.org\/{rel}","templated":true}]}}